{"id":55,"date":"2022-01-14T09:51:28","date_gmt":"2022-01-14T09:51:28","guid":{"rendered":"http:\/\/buchsblog.larsbuch.dk\/?p=55"},"modified":"2022-01-14T09:51:30","modified_gmt":"2022-01-14T09:51:30","slug":"endnu-et-bevis-paa-at-danmark-skal-ud-af-eu-hurtigst-muligt","status":"publish","type":"post","link":"https:\/\/buchsblog.larsbuch.dk\/index.php\/2022\/01\/14\/endnu-et-bevis-paa-at-danmark-skal-ud-af-eu-hurtigst-muligt\/","title":{"rendered":"ENDNU ET BEVIS P\u00c5 AT DANMARK SKAL UD AF EU HURTIGST MULIGT"},"content":{"rendered":"\n<p class=\"wp-block-paragraph\"><\/p>\n\n\n\n<p class=\"wp-block-paragraph\">EU kan ikke finde ud af at tage ansvar for at stoppe den ulovlige migration til Europa, rent ud sagt s\u00e5 g\u00f8r EU intet for at stoppe den flodb\u00f8lge af ulovlige migranter der vil til Europa for at f\u00e5 del i velf\u00e6rden og for en stor dels vedkommende beg\u00e5 kriminelle handlinger i EUs medlemslande, og det ses tydeligt at mange af dem er kriminelle.<br>Hvorfor g\u00e5r disse EU politikere ikke efter de lande der ikke udf\u00f8rer det de skal i forhold til Schengen-aftalen og Dublin-aftalen, efter Schengen-aftalen skal ingen uden de har rettigheder til det ind i Schengen-omr\u00e5det, men det kommer mange migranter kan man se, selv Dublin-aftalen er der flere EU-lande der ikke overholder, for de skal registrere de migranter der kommer til deres lande, Danmark registrerer disse migranter der kommer til Danmark, men mange EU-lande g\u00f8r det ikke for s\u00e5 h\u00e6nger de p\u00e5 migranterne.<\/p>\n\n\n\n<p class=\"wp-block-paragraph\">Det ville v\u00e6re bedre hvis gr\u00e6nsekontrollen stopper alle migranter og afviser dem indrejse og asylbehandling i Danmark og derved sender dem tilbage til Tyskland med det samme, og det kan Danmark g\u00f8re fordi der i flygtningekonventionen st\u00e5r at de skal s\u00f8ge asyl i f\u00f8rste sikre land de kommer til og det er ikke Danmark, Tyskland er ogs\u00e5 et sikkert land hvor de kunne s\u00f8ge asyl og da n\u00e6sten alle asylans\u00f8gere der kommer til Danmark via Tyskland s\u00e5 b\u00f8r de straks sendes tilbage til Tyskland uden mulighed for registrering i Danmark.<\/p>\n\n\n\n<p class=\"wp-block-paragraph\">Men langt det bedste ville v\u00e6re at melde sig ud af EU og blive fri for en masse problemer med de krav og love som EU laver og som g\u00e5r imod Danske interesser og Danske love.<br>Og s\u00e5 kan Danmark lave en h\u00e5rd gr\u00e6nsekontrol hvor alle der vil ind i Danmark skal have deres pas scannet og ogs\u00e5 gerne deres fingeraftryk s\u00e5 det kan ses at pas og person h\u00f8rer sammen, og s\u00e5 afviser Danmark alle d\u00f8mte kriminelle indrejse i Danmark og liges\u00e5 skal alle asylans\u00f8gere ogs\u00e5 n\u00e6gtes indrejse og asylbehandling i Danmark, de skal sendes tilbage til det land de er p\u00e5 vej ud af for at komme ind i Danmark.<\/p>\n\n\n\n<p class=\"wp-block-paragraph\">Vi kan ikke blive ved med at hj\u00e6lpe ikke integrerbare migranter der ikke vil arbejde og i mange tilf\u00e6lde ogs\u00e5 er kriminelle.<\/p>\n\n\n\n<p class=\"wp-block-paragraph\">Dem der vil arbejde og overholde den Danske lovgivning skal v\u00e6re velkomne s\u00e5 l\u00e6nge de er i fast arbejde og ikke beg\u00e5r kriminelle handlinger, n\u00e5r de ikke mere har arbejde skal de forlade Danmark og g\u00f8r de ikke det skal de frihedsber\u00f8ves uden rettigheder til noget som helst, de skal under frihedsber\u00f8velsen ikke have adgang til TV, radio, computer\/tablet, telefon, l\u00e6sestof (heller ikke koranen) eller fritidsaktiviteter som spil og andet, de skal heller ikke have lov til at f\u00e5 bes\u00f8g eller ting udefra, lovlydige skal sidde i en lejr og d\u00f8mte kriminelle i en celle 24 timer i d\u00f8gnet uden ret til g\u00e5rdtur. Liges\u00e5 skal asylans\u00f8gere det er lykkedes at komme ind i Danmark placeres i s\u00e5dan en lejr de ikke kan forlade indtil de kan sendes ud af Danmark.<\/p>\n\n\n\n<p class=\"wp-block-paragraph\"><a href=\"https:\/\/www.altinget.dk\/artikel\/eu-parlamentarikere-kalder-dansk-asylpolitik-moralsk-lavpunkt-hvordan-kan-du-sove-om-natten-tesfaye?SNSubscribed=true&amp;ref=newsletter&amp;refid=forside-middag-130122&amp;utm_campaign=Altinget.dk&amp;utm_content=Forside%20middag%20130122&amp;utm_medium=e-mail&amp;utm_source=nyhedsbrev&amp;fbclid=IwAR3_UZThRMh0axHc0gAXyC0C4aNpKnmpTa_KaFDraV9uQ6kqwlUQjLZlGII\">https:\/\/www.altinget.dk\/artikel\/eu-parlamentarikere-kalder-dansk-asylpolitik-moralsk-lavpunkt-hvordan-kan-du-sove-om-natten-tesfaye?SNSubscribed=true&amp;ref=newsletter&amp;refid=forside-middag-130122&amp;utm_campaign=Altinget.dk&amp;utm_content=Forside%20middag%20130122&amp;utm_medium=e-mail&amp;utm_source=nyhedsbrev&amp;fbclid=IwAR3_UZThRMh0axHc0gAXyC0C4aNpKnmpTa_KaFDraV9uQ6kqwlUQjLZlGII<\/a><\/p>\n","protected":false},"excerpt":{"rendered":"<p>EU kan ikke finde ud af at tage ansvar for at stoppe den ulovlige migration til Europa, rent<\/p>\n","protected":false},"author":1,"featured_media":0,"comment_status":"open","ping_status":"open","sticky":false,"template":"","format":"standard","meta":{"footnotes":""},"categories":[1],"tags":[],"class_list":["post-55","post","type-post","status-publish","format-standard","hentry","category-uncategorized"],"featured_image_urls":{"full":"","thumbnail":"","medium":"","medium_large":"","large":"","1536x1536":"","2048x2048":"","darknews-slider-full":"","darknews-featured":"","darknews-medium":"","darknews-medium-square":""},"author_info":{"info":["lbadmin"]},"category_info":"<a href=\"https:\/\/buchsblog.larsbuch.dk\/index.php\/category\/uncategorized\/\" rel=\"category tag\">Uncategorized<\/a>","tag_info":"Uncategorized","comment_count":"0","_links":{"self":[{"href":"https:\/\/buchsblog.larsbuch.dk\/index.php\/wp-json\/wp\/v2\/posts\/55","targetHints":{"allow":["GET"]}}],"collection":[{"href":"https:\/\/buchsblog.larsbuch.dk\/index.php\/wp-json\/wp\/v2\/posts"}],"about":[{"href":"https:\/\/buchsblog.larsbuch.dk\/index.php\/wp-json\/wp\/v2\/types\/post"}],"author":[{"embeddable":true,"href":"https:\/\/buchsblog.larsbuch.dk\/index.php\/wp-json\/wp\/v2\/users\/1"}],"replies":[{"embeddable":true,"href":"https:\/\/buchsblog.larsbuch.dk\/index.php\/wp-json\/wp\/v2\/comments?post=55"}],"version-history":[{"count":1,"href":"https:\/\/buchsblog.larsbuch.dk\/index.php\/wp-json\/wp\/v2\/posts\/55\/revisions"}],"predecessor-version":[{"id":56,"href":"https:\/\/buchsblog.larsbuch.dk\/index.php\/wp-json\/wp\/v2\/posts\/55\/revisions\/56"}],"wp:attachment":[{"href":"https:\/\/buchsblog.larsbuch.dk\/index.php\/wp-json\/wp\/v2\/media?parent=55"}],"wp:term":[{"taxonomy":"category","embeddable":true,"href":"https:\/\/buchsblog.larsbuch.dk\/index.php\/wp-json\/wp\/v2\/categories?post=55"},{"taxonomy":"post_tag","embeddable":true,"href":"https:\/\/buchsblog.larsbuch.dk\/index.php\/wp-json\/wp\/v2\/tags?post=55"}],"curies":[{"name":"wp","href":"https:\/\/api.w.org\/{rel}","templated":true}]}}