{"id":58,"date":"2022-01-22T14:04:52","date_gmt":"2022-01-22T14:04:52","guid":{"rendered":"http:\/\/buchsblog.larsbuch.dk\/?p=58"},"modified":"2022-01-22T14:04:53","modified_gmt":"2022-01-22T14:04:53","slug":"igen-en-latterlig-dom-over-en-kriminel","status":"publish","type":"post","link":"https:\/\/buchsblog.larsbuch.dk\/index.php\/2022\/01\/22\/igen-en-latterlig-dom-over-en-kriminel\/","title":{"rendered":"IGEN EN LATTERLIG DOM OVER EN KRIMINEL"},"content":{"rendered":"\n<p class=\"wp-block-paragraph\"><br>N\u00e5r han har udst\u00e5et hans lave f\u00e6ngselsstraf som m\u00e5ske allerede er udst\u00e5et med varet\u00e6gtsf\u00e6ngsling s\u00e5 kan han n\u00e6ste gang ende med at dr\u00e6be den eller dem han overfalder.<br>Der burde ikke v\u00e6re noget der hedder betinget udvisning, det burde v\u00e6re s\u00e5dan at de bliver ubetinget udvist for altid ved f\u00f8rste dom hvis de har anden etnisk herkomst, og de skal v\u00e6re frihedsber\u00f8vede i en celle 24 timer i d\u00f8gnet uden ret til g\u00e5rdtur, de skal heller ikke have adgang til TV, radio, computer\/tablet, telefon, l\u00e6sestof (heller ikke koranen), eller noget andet, de skal ikke have lov til at modtage bes\u00f8g eller ting udefra. Skal de af en eller anden \u00e5rsag ud af cellen skal det foreg\u00e5 i h\u00e5nd og fodl\u00e6nker der er l\u00e5st fast om livet s\u00e5 de kun kan tage sm\u00e5 skridt og derved ikke stikke af.<br>Og er der konventioner i vejen for dette s\u00e5 m\u00e5 Danmark melde sig ud af disse konventioner, vi skal ikke beskytte kriminelle, de har selv valgt at blive kriminelle s\u00e5 de skal ikke have nogen rettigheder ud over en retf\u00e6rdig rettergang. <\/p>\n\n\n\n<figure class=\"wp-block-image size-large\"><img fetchpriority=\"high\" decoding=\"async\" width=\"1024\" height=\"575\" src=\"http:\/\/buchsblog.larsbuch.dk\/wp-content\/uploads\/2022\/01\/BUCH-PC-2022-01-22-15.02.12-1024x575.jpg\" alt=\"\" class=\"wp-image-59\" srcset=\"https:\/\/buchsblog.larsbuch.dk\/wp-content\/uploads\/2022\/01\/BUCH-PC-2022-01-22-15.02.12-1024x575.jpg 1024w, https:\/\/buchsblog.larsbuch.dk\/wp-content\/uploads\/2022\/01\/BUCH-PC-2022-01-22-15.02.12-300x168.jpg 300w, https:\/\/buchsblog.larsbuch.dk\/wp-content\/uploads\/2022\/01\/BUCH-PC-2022-01-22-15.02.12-768x431.jpg 768w, https:\/\/buchsblog.larsbuch.dk\/wp-content\/uploads\/2022\/01\/BUCH-PC-2022-01-22-15.02.12.jpg 1049w\" sizes=\"(max-width: 1024px) 100vw, 1024px\" \/><\/figure>\n\n\n\n<p class=\"wp-block-paragraph\"><\/p>\n\n\n\n<p class=\"wp-block-paragraph\"><a href=\"https:\/\/jv.dk\/artikel\/19-%C3%A5rig-f%C3%A5r-halvt-%C3%A5rs-f%C3%A6ngsel-familie-smides-ud-af-lejlighed?fbclid=IwAR2_GHDFTS4n3e_m66HJE2zRU83IG754qaFkG0OyxCz4JvLAyI5Pmadzeqg\">https:\/\/jv.dk\/artikel\/19-%C3%A5rig-f%C3%A5r-halvt-%C3%A5rs-f%C3%A6ngsel-familie-smides-ud-af-lejlighed?fbclid=IwAR2_GHDFTS4n3e_m66HJE2zRU83IG754qaFkG0OyxCz4JvLAyI5Pmadzeqg<\/a> <\/p>\n","protected":false},"excerpt":{"rendered":"<p>N\u00e5r han har udst\u00e5et hans lave f\u00e6ngselsstraf som m\u00e5ske allerede er udst\u00e5et med varet\u00e6gtsf\u00e6ngsling s\u00e5 kan han n\u00e6ste<\/p>\n","protected":false},"author":1,"featured_media":0,"comment_status":"open","ping_status":"open","sticky":false,"template":"","format":"standard","meta":{"footnotes":""},"categories":[1],"tags":[],"class_list":["post-58","post","type-post","status-publish","format-standard","hentry","category-uncategorized"],"featured_image_urls":{"full":"","thumbnail":"","medium":"","medium_large":"","large":"","1536x1536":"","2048x2048":"","darknews-slider-full":"","darknews-featured":"","darknews-medium":"","darknews-medium-square":""},"author_info":{"info":["lbadmin"]},"category_info":"<a href=\"https:\/\/buchsblog.larsbuch.dk\/index.php\/category\/uncategorized\/\" rel=\"category tag\">Uncategorized<\/a>","tag_info":"Uncategorized","comment_count":"0","_links":{"self":[{"href":"https:\/\/buchsblog.larsbuch.dk\/index.php\/wp-json\/wp\/v2\/posts\/58","targetHints":{"allow":["GET"]}}],"collection":[{"href":"https:\/\/buchsblog.larsbuch.dk\/index.php\/wp-json\/wp\/v2\/posts"}],"about":[{"href":"https:\/\/buchsblog.larsbuch.dk\/index.php\/wp-json\/wp\/v2\/types\/post"}],"author":[{"embeddable":true,"href":"https:\/\/buchsblog.larsbuch.dk\/index.php\/wp-json\/wp\/v2\/users\/1"}],"replies":[{"embeddable":true,"href":"https:\/\/buchsblog.larsbuch.dk\/index.php\/wp-json\/wp\/v2\/comments?post=58"}],"version-history":[{"count":1,"href":"https:\/\/buchsblog.larsbuch.dk\/index.php\/wp-json\/wp\/v2\/posts\/58\/revisions"}],"predecessor-version":[{"id":60,"href":"https:\/\/buchsblog.larsbuch.dk\/index.php\/wp-json\/wp\/v2\/posts\/58\/revisions\/60"}],"wp:attachment":[{"href":"https:\/\/buchsblog.larsbuch.dk\/index.php\/wp-json\/wp\/v2\/media?parent=58"}],"wp:term":[{"taxonomy":"category","embeddable":true,"href":"https:\/\/buchsblog.larsbuch.dk\/index.php\/wp-json\/wp\/v2\/categories?post=58"},{"taxonomy":"post_tag","embeddable":true,"href":"https:\/\/buchsblog.larsbuch.dk\/index.php\/wp-json\/wp\/v2\/tags?post=58"}],"curies":[{"name":"wp","href":"https:\/\/api.w.org\/{rel}","templated":true}]}}